{"id":2624,"date":"2020-12-10T14:33:00","date_gmt":"2020-12-10T14:33:00","guid":{"rendered":"http:\/\/kunfarejo.org\/?p=2624"},"modified":"2023-05-01T12:23:21","modified_gmt":"2023-05-01T10:23:21","slug":"bemi-sercas-biciklantojn-kaj-abonantojn","status":"publish","type":"post","link":"https:\/\/kunfarejo.org\/?p=2624","title":{"rendered":"BEMI ser\u0109as biciklantojn kaj abonantojn"},"content":{"rendered":"\n<p>La&nbsp;<strong><a href=\"https:\/\/eo.wikipedia.org\/wiki\/Biciklista_Esperantista_Movado_Internacia\" target=\"_blank\" rel=\"noreferrer noopener\" aria-label=\"Biciklista Esperantista Movado Internacia (malfermi\u011das en nova langeto)\">Biciklista Esperantista Movado Internacia<\/a><\/strong>&nbsp;(la oficiala mallongigo&nbsp;<strong>BEMI<\/strong>) estas la&nbsp;asocio&nbsp;de esperant-parolantaj biciklantoj.<\/p>\n\n\n\n<p>La asocio havas membrojn en diversaj landoj de&nbsp;Ameriko,&nbsp;Azio&nbsp;kaj&nbsp;E\u016dropo. \u011ci organizas internaciajn biciklajn karavanojn uzante&nbsp;Esperanton&nbsp;kiel komunan komunikilon.<\/p>\n\n\n\n<p><a rel=\"noreferrer noopener\" aria-label=\" (malfermi\u011das en nova langeto)\" href=\"https:\/\/bemi.tejo.org\/\" target=\"_blank\">bemi.tejo.org<\/a> \u30fb<a rel=\"noreferrer noopener\" aria-label=\"www.facebook.com\/groups\/29591771007\/ (malfermi\u011das en nova langeto)\" href=\"https:\/\/www.facebook.com\/groups\/29591771007\/\" target=\"_blank\">www.facebook.com\/groups\/29591771007\/<\/a>\u30fb<a rel=\"noreferrer noopener\" aria-label=\"Youtube-kanalo (malfermi\u011das en nova langeto)\" href=\"https:\/\/www.youtube.com\/channel\/UCprG_eWqnyIqmBVEFAqHscw\" target=\"_blank\">Youtube-kanalo<\/a><\/p>\n\n\n\n<p>Lars S\u00f6z\u00fcer skribas: &#8220;La kanalo de BEMI en youtube bezonas pli da abonantoj.<br> Kiam ni atingos 100, youtube mal\u015dlosos kelkajn utilajn funkciojn, ekzemple memorebla adreso.<br> Nuna adreso: <a rel=\"noreferrer noopener\" aria-label=\"www.youtube.com\/channel\/UCprG_eWqnyIqmBVEFAqHscw (malfermi\u011das en nova langeto)\" href=\"https:\/\/www.youtube.com\/channel\/UCprG_eWqnyIqmBVEFAqHscw\" target=\"_blank\">www.youtube.com\/channel\/UCprG_eWqnyIqmBVEFAqHscw<\/a><br> a\u016d provizore: <a rel=\"noreferrer noopener\" aria-label=\"mallonge.net\/BEMIfilmoj (malfermi\u011das en nova langeto)\" href=\"https:\/\/www.youtube.com\/channel\/UCprG_eWqnyIqmBVEFAqHscw\" target=\"_blank\">mallonge.net\/BEMIfilmoj<\/a>&#8220;<\/p>\n\n\n\n<figure class=\"wp-block-image is-resized\"><img loading=\"lazy\" decoding=\"async\" src=\"https:\/\/upload.wikimedia.org\/wikipedia\/commons\/thumb\/8\/87\/Bemi-boulazac.jpg\/300px-Bemi-boulazac.jpg\" alt=\"\" width=\"752\" height=\"564\"\/><\/figure>\n","protected":false},"excerpt":{"rendered":"<p>La&nbsp;Biciklista Esperantista Movado Internacia&nbsp;(la oficiala mallongigo&nbsp;BEMI) estas la&nbsp;asocio&nbsp;de esperant-parolantaj biciklantoj. La asocio havas membrojn en diversaj landoj de&nbsp;Ameriko,&nbsp;Azio&nbsp;kaj&nbsp;E\u016dropo. \u011ci organizas internaciajn biciklajn karavanojn uzante&nbsp;Esperanton&nbsp;kiel komunan komunikilon. bemi.tejo.org \u30fbwww.facebook.com\/groups\/29591771007\/\u30fbYoutube-kanalo Lars S\u00f6z\u00fcer skribas: &#8220;La kanalo de BEMI en youtube bezonas pli da abonantoj. Kiam ni atingos 100, youtube mal\u015dlosos kelkajn utilajn funkciojn, ekzemple memorebla adreso. Nuna adreso: &hellip; <\/p>\n<p class=\"link-more\"><a href=\"https:\/\/kunfarejo.org\/?p=2624\" class=\"more-link\">Da\u016drigi legadon<span class=\"screen-reader-text\"> &#8220;BEMI ser\u0109as biciklantojn kaj abonantojn&#8221;<\/span><\/a><\/p>\n","protected":false},"author":1,"featured_media":0,"comment_status":"open","ping_status":"open","sticky":false,"template":"","format":"standard","meta":{"footnotes":""},"categories":[6,4,5],"tags":[],"class_list":["post-2624","post","type-post","status-publish","format-standard","hentry","category-petata","category-instigoj","category-invitoj","entry"],"_links":{"self":[{"href":"https:\/\/kunfarejo.org\/index.php?rest_route=\/wp\/v2\/posts\/2624","targetHints":{"allow":["GET"]}}],"collection":[{"href":"https:\/\/kunfarejo.org\/index.php?rest_route=\/wp\/v2\/posts"}],"about":[{"href":"https:\/\/kunfarejo.org\/index.php?rest_route=\/wp\/v2\/types\/post"}],"author":[{"embeddable":true,"href":"https:\/\/kunfarejo.org\/index.php?rest_route=\/wp\/v2\/users\/1"}],"replies":[{"embeddable":true,"href":"https:\/\/kunfarejo.org\/index.php?rest_route=%2Fwp%2Fv2%2Fcomments&post=2624"}],"version-history":[{"count":4,"href":"https:\/\/kunfarejo.org\/index.php?rest_route=\/wp\/v2\/posts\/2624\/revisions"}],"predecessor-version":[{"id":5141,"href":"https:\/\/kunfarejo.org\/index.php?rest_route=\/wp\/v2\/posts\/2624\/revisions\/5141"}],"wp:attachment":[{"href":"https:\/\/kunfarejo.org\/index.php?rest_route=%2Fwp%2Fv2%2Fmedia&parent=2624"}],"wp:term":[{"taxonomy":"category","embeddable":true,"href":"https:\/\/kunfarejo.org\/index.php?rest_route=%2Fwp%2Fv2%2Fcategories&post=2624"},{"taxonomy":"post_tag","embeddable":true,"href":"https:\/\/kunfarejo.org\/index.php?rest_route=%2Fwp%2Fv2%2Ftags&post=2624"}],"curies":[{"name":"wp","href":"https:\/\/api.w.org\/{rel}","templated":true}]}}