{"id":2981,"date":"2021-02-22T12:45:13","date_gmt":"2021-02-22T11:45:13","guid":{"rendered":"http:\/\/kunfarejo.org\/?p=2981"},"modified":"2025-11-17T17:07:21","modified_gmt":"2025-11-17T16:07:21","slug":"espermensa","status":"publish","type":"post","link":"https:\/\/kunfarejo.org\/?p=2981","title":{"rendered":"Espermensa"},"content":{"rendered":"\n<p>Saluton,&nbsp;mi estas dumviva membro de UEA kaj membro en Mensa.&nbsp;Pro tio mi decidis relan\u0109i la fakan asocion &#8220;Espermenso&#8221; (neregistara organiza\u0135o por homoj kun diversaj altfunkciaj cerboj) kiu kunigu membrojn kaj de UEA kaj de Mensa.&nbsp;&nbsp;Por komenci mi kreis pli lar\u011dan Fejsbukan grupon &#8220;Espermenso&#8221;. \u011ci akceptas anka\u016d eks-membrojn a\u016d estontajn membrojn de la du organiza\u0135oj. Kaj mi \u011dojas konstati ke tio revigligas la lernadon de Esperanto \u0109e pluraj Mensa-anoj.<br>Klaku:&nbsp;<a rel=\"noreferrer noopener\" href=\"https:\/\/www.facebook.com\/groups\/743585999792126\" target=\"_blank\">https:\/\/www.facebook.com\/groups\/743585999792126<\/a>&nbsp;<br>Bonvolu diskonigi al viaj geamikoj membroj de UEA kaj de Mensa, dankon.&nbsp;<br>Amuzike,<br>Fransoazo<br>P. S. Trovu pliajn ligilojn en <a href=\"https:\/\/eo.wikipedia.org\/wiki\/Mensa\" target=\"_blank\" rel=\"noreferrer noopener\" aria-label=\"eo.wikipedia.org\/wiki\/Mensa (malfermi\u011das en nova langeto)\">eo.wikipedia.org\/wiki\/Mensa<\/a><\/p>\n\n\n\n<figure class=\"wp-block-image size-large\"><img decoding=\"async\" src=\"https:\/\/upload.wikimedia.org\/wikipedia\/commons\/thumb\/1\/1d\/Logo_Mensa_Deutschland.svg\/500px-Logo_Mensa_Deutschland.svg.png\" alt=\"\"\/><\/figure>\n","protected":false},"excerpt":{"rendered":"<p>Saluton,&nbsp;mi estas dumviva membro de UEA kaj membro en Mensa.&nbsp;Pro tio mi decidis relan\u0109i la fakan asocion &#8220;Espermenso&#8221; (neregistara organiza\u0135o por homoj kun diversaj altfunkciaj cerboj) kiu kunigu membrojn kaj de UEA kaj de Mensa.&nbsp;&nbsp;Por komenci mi kreis pli lar\u011dan Fejsbukan grupon &#8220;Espermenso&#8221;. \u011ci akceptas anka\u016d eks-membrojn a\u016d estontajn membrojn de la du organiza\u0135oj. Kaj &hellip; <\/p>\n<p class=\"link-more\"><a href=\"https:\/\/kunfarejo.org\/?p=2981\" class=\"more-link\">Da\u016drigi legadon<span class=\"screen-reader-text\"> &#8220;Espermensa&#8221;<\/span><\/a><\/p>\n","protected":false},"author":5,"featured_media":0,"comment_status":"open","ping_status":"open","sticky":false,"template":"","format":"standard","meta":{"footnotes":""},"categories":[11],"tags":[],"class_list":["post-2981","post","type-post","status-publish","format-standard","hentry","category-amikoj","entry"],"_links":{"self":[{"href":"https:\/\/kunfarejo.org\/index.php?rest_route=\/wp\/v2\/posts\/2981","targetHints":{"allow":["GET"]}}],"collection":[{"href":"https:\/\/kunfarejo.org\/index.php?rest_route=\/wp\/v2\/posts"}],"about":[{"href":"https:\/\/kunfarejo.org\/index.php?rest_route=\/wp\/v2\/types\/post"}],"author":[{"embeddable":true,"href":"https:\/\/kunfarejo.org\/index.php?rest_route=\/wp\/v2\/users\/5"}],"replies":[{"embeddable":true,"href":"https:\/\/kunfarejo.org\/index.php?rest_route=%2Fwp%2Fv2%2Fcomments&post=2981"}],"version-history":[{"count":10,"href":"https:\/\/kunfarejo.org\/index.php?rest_route=\/wp\/v2\/posts\/2981\/revisions"}],"predecessor-version":[{"id":5977,"href":"https:\/\/kunfarejo.org\/index.php?rest_route=\/wp\/v2\/posts\/2981\/revisions\/5977"}],"wp:attachment":[{"href":"https:\/\/kunfarejo.org\/index.php?rest_route=%2Fwp%2Fv2%2Fmedia&parent=2981"}],"wp:term":[{"taxonomy":"category","embeddable":true,"href":"https:\/\/kunfarejo.org\/index.php?rest_route=%2Fwp%2Fv2%2Fcategories&post=2981"},{"taxonomy":"post_tag","embeddable":true,"href":"https:\/\/kunfarejo.org\/index.php?rest_route=%2Fwp%2Fv2%2Ftags&post=2981"}],"curies":[{"name":"wp","href":"https:\/\/api.w.org\/{rel}","templated":true}]}}