{"id":3893,"date":"2021-10-21T17:29:49","date_gmt":"2021-10-21T15:29:49","guid":{"rendered":"http:\/\/kunfarejo.org\/?p=3893"},"modified":"2024-11-27T11:00:39","modified_gmt":"2024-11-27T10:00:39","slug":"reta-esperanto-arkivo-iea","status":"publish","type":"post","link":"https:\/\/kunfarejo.org\/?p=3893","title":{"rendered":"Reta Esperanto Arkivo"},"content":{"rendered":"\n<p>La asocio Internacia Esperanto-Arkivo celas: kolekti, arkivi, protekti, administri kaj fari alireblaj librojn, revuojn kaj aliajn dokumentojn en kaj pri Esperanto kaj planitaj lingvoj, en sia originala formo.<br>Tiu \u0109i arkivo celas konservadon kiel hereda\u0135o, por nelimigita tempoda\u016dro. Legu pli: <a href=\"http:\/\/iespa.eu\/\" target=\"_blank\" rel=\"noreferrer noopener\">iespa.eu<\/a>.<\/p>\n\n\n\n<p>IEspA ne nur arkivas. \u011ci volas organizi kursojn pri kaj aran\u011dojn por Esperanto. \u011ci agadas por proklamigi \u201cparoli Esperanton\u201d nemateria hereda\u0135o en Flandrio kaj kunlabore kun aliaj iam tutmonde.<\/p>\n\n\n\n<p>Legu pli en la <a href=\"https:\/\/frali.net\/20240800faldfolioIEspA.pdf\" target=\"_blank\" rel=\"noreferrer noopener\">faldfolio<\/a>.<br>Subtenu: <a href=\"http:\/\/iespa.eu\/index.php?ln=&amp;pg=subteno\" target=\"_blank\" rel=\"noreferrer noopener\">iespa.eu\/index.php?ln=&amp;pg=subteno<\/a><\/p>\n\n\n\n<figure class=\"wp-block-image size-large\"><img loading=\"lazy\" decoding=\"async\" width=\"539\" height=\"1024\" src=\"https:\/\/kunfarejo.org\/wp-content\/uploads\/2021\/10\/Bildschirmfoto-2024-11-27-um-10.48.50-539x1024.png\" alt=\"\" class=\"wp-image-5851\" srcset=\"https:\/\/kunfarejo.org\/wp-content\/uploads\/2021\/10\/Bildschirmfoto-2024-11-27-um-10.48.50-539x1024.png 539w, https:\/\/kunfarejo.org\/wp-content\/uploads\/2021\/10\/Bildschirmfoto-2024-11-27-um-10.48.50-158x300.png 158w, https:\/\/kunfarejo.org\/wp-content\/uploads\/2021\/10\/Bildschirmfoto-2024-11-27-um-10.48.50-768x1459.png 768w, https:\/\/kunfarejo.org\/wp-content\/uploads\/2021\/10\/Bildschirmfoto-2024-11-27-um-10.48.50-809x1536.png 809w, https:\/\/kunfarejo.org\/wp-content\/uploads\/2021\/10\/Bildschirmfoto-2024-11-27-um-10.48.50.png 874w\" sizes=\"auto, (max-width: 539px) 100vw, 539px\" \/><\/figure>\n","protected":false},"excerpt":{"rendered":"<p>La asocio Internacia Esperanto-Arkivo celas: kolekti, arkivi, protekti, administri kaj fari alireblaj librojn, revuojn kaj aliajn dokumentojn en kaj pri Esperanto kaj planitaj lingvoj, en sia originala formo.Tiu \u0109i arkivo celas konservadon kiel hereda\u0135o, por nelimigita tempoda\u016dro. Legu pli: iespa.eu. IEspA ne nur arkivas. \u011ci volas organizi kursojn pri kaj aran\u011dojn por Esperanto. \u011ci agadas &hellip; <\/p>\n<p class=\"link-more\"><a href=\"https:\/\/kunfarejo.org\/?p=3893\" class=\"more-link\">Da\u016drigi legadon<span class=\"screen-reader-text\"> &#8220;Reta Esperanto Arkivo&#8221;<\/span><\/a><\/p>\n","protected":false},"author":1,"featured_media":0,"comment_status":"open","ping_status":"open","sticky":false,"template":"","format":"standard","meta":{"footnotes":""},"categories":[10],"tags":[],"class_list":["post-3893","post","type-post","status-publish","format-standard","hentry","category-diskuto","entry"],"_links":{"self":[{"href":"https:\/\/kunfarejo.org\/index.php?rest_route=\/wp\/v2\/posts\/3893","targetHints":{"allow":["GET"]}}],"collection":[{"href":"https:\/\/kunfarejo.org\/index.php?rest_route=\/wp\/v2\/posts"}],"about":[{"href":"https:\/\/kunfarejo.org\/index.php?rest_route=\/wp\/v2\/types\/post"}],"author":[{"embeddable":true,"href":"https:\/\/kunfarejo.org\/index.php?rest_route=\/wp\/v2\/users\/1"}],"replies":[{"embeddable":true,"href":"https:\/\/kunfarejo.org\/index.php?rest_route=%2Fwp%2Fv2%2Fcomments&post=3893"}],"version-history":[{"count":15,"href":"https:\/\/kunfarejo.org\/index.php?rest_route=\/wp\/v2\/posts\/3893\/revisions"}],"predecessor-version":[{"id":5853,"href":"https:\/\/kunfarejo.org\/index.php?rest_route=\/wp\/v2\/posts\/3893\/revisions\/5853"}],"wp:attachment":[{"href":"https:\/\/kunfarejo.org\/index.php?rest_route=%2Fwp%2Fv2%2Fmedia&parent=3893"}],"wp:term":[{"taxonomy":"category","embeddable":true,"href":"https:\/\/kunfarejo.org\/index.php?rest_route=%2Fwp%2Fv2%2Fcategories&post=3893"},{"taxonomy":"post_tag","embeddable":true,"href":"https:\/\/kunfarejo.org\/index.php?rest_route=%2Fwp%2Fv2%2Ftags&post=3893"}],"curies":[{"name":"wp","href":"https:\/\/api.w.org\/{rel}","templated":true}]}}