{"id":4034,"date":"2021-11-05T14:41:34","date_gmt":"2021-11-05T13:41:34","guid":{"rendered":"http:\/\/kunfarejo.org\/?p=4034"},"modified":"2023-05-01T13:39:58","modified_gmt":"2023-05-01T11:39:58","slug":"kunkantu-esperanto-estas-senkondica-amo","status":"publish","type":"post","link":"https:\/\/kunfarejo.org\/?p=4034","title":{"rendered":"kunkantu: Esperanto estas senkondi\u0109a amo"},"content":{"rendered":"\n<p>La rondo Amuze, kiu konsistas el koreaj esperantistaj kantamantoj, faris videon okaze de la 53a Korea Kongreso de Esperanto en 2021. La originala titolo de \u0109i tiu korea kanto estas &#8220;Sen kondi\u0109o&#8221;. La esperanistoj kantas, konsiderante, ke Esperanto estas &#8220;senkondi\u0109a&#8221; amo. La videon re\u011disoris Amira CHUN kaj redaktis Su\u011din Go. La kanton tradukis kaj subtitoligis CHOE Taesok. \u011cuu la kanton.  <br>Sen kondi\u0109o <br>Kara kara Esperant&#8217; <br>kara kara Esperant&#8217; ja estas senkondi\u0109a am&#8217;. <br>Kakara kara kara kankankan <br>Se vi min bezonas tuj alvoku min iam ajn mi kuros al vi. <br>En tago bone en nokto bone iam ajn mi kuros al vi. <br>Se aliaj homoj vokos min al si, pri tio longe pripensos ja mi. <br>Se vi do tamen min al vi vokos, mi kuros sen kondi\u0109&#8217; al vi. <br>Al vi nun direktita mia am&#8217; ja estas senkondi\u0109a am&#8217;. <br>Al vi nun direktita mia am&#8217; estas ja ekspresam&#8217;. <br>Malgra\u016d iro al trans Pacifiko, Atlantiko kaj la Hinda ocean&#8217;. <br>Se vi alvokos min, kuros mi al vi, tuj nepre kuros mi al vi. <br>Kakara kara kara kankankan<\/p>\n\n\n\n<iframe loading=\"lazy\" width=\"1242\" height=\"699\" src=\"https:\/\/www.youtube.com\/embed\/LiIR2iQEqfw\" title=\"YouTube video player\" frameborder=\"0\" allow=\"accelerometer; autoplay; clipboard-write; encrypted-media; gyroscope; picture-in-picture\" allowfullscreen=\"\"><\/iframe>\n","protected":false},"excerpt":{"rendered":"<p>La rondo Amuze, kiu konsistas el koreaj esperantistaj kantamantoj, faris videon okaze de la 53a Korea Kongreso de Esperanto en 2021. La originala titolo de \u0109i tiu korea kanto estas &#8220;Sen kondi\u0109o&#8221;. La esperanistoj kantas, konsiderante, ke Esperanto estas &#8220;senkondi\u0109a&#8221; amo. La videon re\u011disoris Amira CHUN kaj redaktis Su\u011din Go. La kanton tradukis kaj subtitoligis &hellip; <\/p>\n<p class=\"link-more\"><a href=\"https:\/\/kunfarejo.org\/?p=4034\" class=\"more-link\">Da\u016drigi legadon<span class=\"screen-reader-text\"> &#8220;kunkantu: Esperanto estas senkondi\u0109a amo&#8221;<\/span><\/a><\/p>\n","protected":false},"author":4,"featured_media":0,"comment_status":"open","ping_status":"open","sticky":false,"template":"","format":"standard","meta":{"footnotes":""},"categories":[11],"tags":[],"class_list":["post-4034","post","type-post","status-publish","format-standard","hentry","category-amikoj","entry"],"_links":{"self":[{"href":"https:\/\/kunfarejo.org\/index.php?rest_route=\/wp\/v2\/posts\/4034","targetHints":{"allow":["GET"]}}],"collection":[{"href":"https:\/\/kunfarejo.org\/index.php?rest_route=\/wp\/v2\/posts"}],"about":[{"href":"https:\/\/kunfarejo.org\/index.php?rest_route=\/wp\/v2\/types\/post"}],"author":[{"embeddable":true,"href":"https:\/\/kunfarejo.org\/index.php?rest_route=\/wp\/v2\/users\/4"}],"replies":[{"embeddable":true,"href":"https:\/\/kunfarejo.org\/index.php?rest_route=%2Fwp%2Fv2%2Fcomments&post=4034"}],"version-history":[{"count":6,"href":"https:\/\/kunfarejo.org\/index.php?rest_route=\/wp\/v2\/posts\/4034\/revisions"}],"predecessor-version":[{"id":5194,"href":"https:\/\/kunfarejo.org\/index.php?rest_route=\/wp\/v2\/posts\/4034\/revisions\/5194"}],"wp:attachment":[{"href":"https:\/\/kunfarejo.org\/index.php?rest_route=%2Fwp%2Fv2%2Fmedia&parent=4034"}],"wp:term":[{"taxonomy":"category","embeddable":true,"href":"https:\/\/kunfarejo.org\/index.php?rest_route=%2Fwp%2Fv2%2Fcategories&post=4034"},{"taxonomy":"post_tag","embeddable":true,"href":"https:\/\/kunfarejo.org\/index.php?rest_route=%2Fwp%2Fv2%2Ftags&post=4034"}],"curies":[{"name":"wp","href":"https:\/\/api.w.org\/{rel}","templated":true}]}}