{"id":5241,"date":"2023-08-18T15:20:13","date_gmt":"2023-08-18T13:20:13","guid":{"rendered":"https:\/\/kunfarejo.org\/?p=5241"},"modified":"2025-08-17T19:10:09","modified_gmt":"2025-08-17T17:10:09","slug":"esperanto-por-lingvaj-rajtoj-2","status":"publish","type":"post","link":"https:\/\/kunfarejo.org\/?p=5241","title":{"rendered":"Esperanto por lingvaj rajtoj"},"content":{"rendered":"\n<p>Renato Corsetti kreis UEA-teamon pri lingvaj rajtoj \u0109e <a href=\"http:\/\/www.linguistic-rights.org\/eo\/pri_ni.html\" target=\"_blank\" rel=\"noreferrer noopener\">www.linguistic-rights.org\/eo\/pri_ni<\/a> kaj petas diskonigi alvokon al \u0109iuj, kiuj interesi\u011das pri <a href=\"https:\/\/eo.wikipedia.org\/wiki\/Universala_Deklaracio_pri_Lingvaj_Rajtoj\" target=\"_blank\" rel=\"noreferrer noopener\">lingvaj homaj rajtoj<\/a>. Aliro al lingvoj la\u016d kondi\u0109oj justaj, raciaj kaj nediskriminaciaj estas \u015dlosilaj ebligiloj por krei malfermitan kaj plurlingvan socion, kie lingvoj povas kreski unu apud la alia. Esperanto kunkreas \u0109i tiujn kondi\u0109ojn. Tial la skipo kunlaboras en tutmonda koalicio.<\/p>\n\n\n\n<p>Defendi lingvajn rajtojn povas esti malfacile. Kelkfoje \u011di estas dan\u011dera, sed anka\u016d gravas. Homoj en la tuta mondo laboras por defendi siajn lingvajn rajtojn.<br>Estas bone, se ni \u0109iuj kunlaboras, negrave kiajn lingvojn ni uzas. La Tutmonda Koalicio por Lingvaj Rajtoj laboras por defendi \u0109ies lingvajn rajtojn. <a href=\"https:\/\/www.coalitionforlanguagerights.org\/join\" target=\"_blank\" rel=\"noreferrer noopener\">Ali\u011du anka\u016d al \u011di<\/a> (en).<\/p>\n\n\n\n<p>Can we choose to use the neutral language Esperanto to talk to the powerful instead of <br>the language of the powerful !?<\/p>\n\n\n\n<figure class=\"wp-block-image size-large\"><img decoding=\"async\" src=\"https:\/\/esperantoporun.org\/wp-content\/uploads\/2021\/02\/EpUN-3-300x201.jpg\" alt=\"\"\/><\/figure>\n\n\n\n<p>Legu anka\u016d: <a rel=\"noreferrer noopener\" href=\"https:\/\/esperantoporun.org\/eo\/lingvaj-rajtoj\/\" target=\"_blank\">esperantoporun.org\/eo\/lingvaj-rajtoj\/<\/a><\/p>\n\n\n\n<p>Abonu kaj konigu la grupon per jena ligilo:<br><a rel=\"noreferrer noopener\" href=\"https:\/\/groups.google.com\/g\/esperanto-por-lingvaj-rajtoj\" target=\"_blank\">groups.google.com\/g\/esperanto-por-lingvaj-rajtoj<\/a><\/p>\n\n\n\n<p><\/p>\n","protected":false},"excerpt":{"rendered":"<p>Renato Corsetti kreis UEA-teamon pri lingvaj rajtoj \u0109e www.linguistic-rights.org\/eo\/pri_ni kaj petas diskonigi alvokon al \u0109iuj, kiuj interesi\u011das pri lingvaj homaj rajtoj. Aliro al lingvoj la\u016d kondi\u0109oj justaj, raciaj kaj nediskriminaciaj estas \u015dlosilaj ebligiloj por krei malfermitan kaj plurlingvan socion, kie lingvoj povas kreski unu apud la alia. Esperanto kunkreas \u0109i tiujn kondi\u0109ojn. Tial la skipo &hellip; <\/p>\n<p class=\"link-more\"><a href=\"https:\/\/kunfarejo.org\/?p=5241\" class=\"more-link\">Da\u016drigi legadon<span class=\"screen-reader-text\"> &#8220;Esperanto por lingvaj rajtoj&#8221;<\/span><\/a><\/p>\n","protected":false},"author":4,"featured_media":0,"comment_status":"open","ping_status":"open","sticky":false,"template":"","format":"standard","meta":{"footnotes":""},"categories":[6],"tags":[],"class_list":["post-5241","post","type-post","status-publish","format-standard","hentry","category-petata","entry"],"_links":{"self":[{"href":"https:\/\/kunfarejo.org\/index.php?rest_route=\/wp\/v2\/posts\/5241","targetHints":{"allow":["GET"]}}],"collection":[{"href":"https:\/\/kunfarejo.org\/index.php?rest_route=\/wp\/v2\/posts"}],"about":[{"href":"https:\/\/kunfarejo.org\/index.php?rest_route=\/wp\/v2\/types\/post"}],"author":[{"embeddable":true,"href":"https:\/\/kunfarejo.org\/index.php?rest_route=\/wp\/v2\/users\/4"}],"replies":[{"embeddable":true,"href":"https:\/\/kunfarejo.org\/index.php?rest_route=%2Fwp%2Fv2%2Fcomments&post=5241"}],"version-history":[{"count":6,"href":"https:\/\/kunfarejo.org\/index.php?rest_route=\/wp\/v2\/posts\/5241\/revisions"}],"predecessor-version":[{"id":5924,"href":"https:\/\/kunfarejo.org\/index.php?rest_route=\/wp\/v2\/posts\/5241\/revisions\/5924"}],"wp:attachment":[{"href":"https:\/\/kunfarejo.org\/index.php?rest_route=%2Fwp%2Fv2%2Fmedia&parent=5241"}],"wp:term":[{"taxonomy":"category","embeddable":true,"href":"https:\/\/kunfarejo.org\/index.php?rest_route=%2Fwp%2Fv2%2Fcategories&post=5241"},{"taxonomy":"post_tag","embeddable":true,"href":"https:\/\/kunfarejo.org\/index.php?rest_route=%2Fwp%2Fv2%2Ftags&post=5241"}],"curies":[{"name":"wp","href":"https:\/\/api.w.org\/{rel}","templated":true}]}}